{"id":7915,"date":"2026-08-13T19:40:53","date_gmt":"2026-08-13T17:40:53","guid":{"rendered":"https:\/\/caas-mali.de\/?p=7915"},"modified":"2026-09-03T21:24:10","modified_gmt":"2026-09-03T19:24:10","slug":"des-arbres-pour-kalassa","status":"publish","type":"post","link":"https:\/\/caas-mali.de\/fr\/actualites\/2026\/08\/13\/des-arbres-pour-kalassa\/","title":{"rendered":"Des arbres pour Kalassa"},"content":{"rendered":"\n<p class=\"wp-block-paragraph\">Depuis plusieurs mois, de jeunes ca\u00eflc\u00e9drats (<em>Khaya senegalensis<\/em>) \u00e9taient cultiv\u00e9s sur le site de l\u2019exploitation agricole du CAAS. Le 12 ao\u00fbt, le moment \u00e9tait venu : 84 de ces jeunes arbres ont \u00e9t\u00e9 plant\u00e9s \u00e0 Kalassa.<\/p>\n\n\n\n<figure class=\"wp-block-image size-full\"><img loading=\"lazy\" decoding=\"async\" width=\"1024\" height=\"768\" src=\"https:\/\/caas-mali.de\/wp-content\/uploads\/2026\/09\/Transport.jpg\" alt=\"\" class=\"wp-image-7901\" srcset=\"https:\/\/caas-mali.de\/wp-content\/uploads\/2026\/09\/Transport.jpg 1024w, https:\/\/caas-mali.de\/wp-content\/uploads\/2026\/09\/Transport-300x225.jpg 300w, https:\/\/caas-mali.de\/wp-content\/uploads\/2026\/09\/Transport-768x576.jpg 768w\" sizes=\"auto, (max-width: 1024px) 100vw, 1024px\" \/><\/figure>\n\n\n\n<p class=\"wp-block-paragraph\">Les plants ont \u00e9t\u00e9 transport\u00e9s en tricycle motoris\u00e9 de l\u2019exploitation agricole jusqu\u2019au site de l\u2019\u00e9cole de Kalassa. Les jeunes femmes de la dixi\u00e8me promotion de la formation professionnelle du CAAS y \u00e9taient d\u00e9j\u00e0 r\u00e9unies. Des scouts ainsi que des agents du service des Eaux et For\u00eats ont \u00e9galement particip\u00e9 \u00e0 cette action de plantation.<\/p>\n\n\n\n<figure class=\"wp-block-image size-full\"><img loading=\"lazy\" decoding=\"async\" width=\"1024\" height=\"768\" src=\"https:\/\/caas-mali.de\/wp-content\/uploads\/2026\/09\/Baum1.jpg\" alt=\"\" class=\"wp-image-7892\" srcset=\"https:\/\/caas-mali.de\/wp-content\/uploads\/2026\/09\/Baum1.jpg 1024w, https:\/\/caas-mali.de\/wp-content\/uploads\/2026\/09\/Baum1-300x225.jpg 300w, https:\/\/caas-mali.de\/wp-content\/uploads\/2026\/09\/Baum1-768x576.jpg 768w\" sizes=\"auto, (max-width: 1024px) 100vw, 1024px\" \/><\/figure>\n\n\n\n<p class=\"wp-block-paragraph\">Au Mali, le mois d\u2019ao\u00fbt est consacr\u00e9 \u00e0 l\u2019environnement. La pr\u00e9f\u00e8te du cercle de Siby, nouvellement cr\u00e9\u00e9, a elle aussi tenu \u00e0 participer \u00e0 l\u2019action et a plant\u00e9 le premier arbre avec le maire de Siby. La plantation s\u2019est ensuite poursuivie collectivement. Les apprenantes du CAAS y ont particip\u00e9 avec beaucoup d\u2019engagement.<\/p>\n\n\n\n<figure class=\"wp-block-image size-full\"><img loading=\"lazy\" decoding=\"async\" width=\"900\" height=\"675\" src=\"https:\/\/caas-mali.de\/wp-content\/uploads\/2026\/09\/Azubis_Kurs10.jpg\" alt=\"\" class=\"wp-image-7889\" srcset=\"https:\/\/caas-mali.de\/wp-content\/uploads\/2026\/09\/Azubis_Kurs10.jpg 900w, https:\/\/caas-mali.de\/wp-content\/uploads\/2026\/09\/Azubis_Kurs10-300x225.jpg 300w, https:\/\/caas-mali.de\/wp-content\/uploads\/2026\/09\/Azubis_Kurs10-768x576.jpg 768w\" sizes=\"auto, (max-width: 900px) 100vw, 900px\" \/><\/figure>\n\n\n\n<p class=\"wp-block-paragraph\">Dans un premier temps, tous les arbres ont \u00e9t\u00e9 plant\u00e9s \u00e0 l\u2019ext\u00e9rieur de l\u2019enceinte de l\u2019\u00e9cole. La plantation se poursuivra dans la cour de l\u2019\u00e9cole d\u00e8s que les travaux de construction actuellement en cours seront termin\u00e9s.<\/p>\n\n\n\n<p class=\"wp-block-paragraph\">Le ca\u00eflc\u00e9drat (<em>Khaya senegalensis<\/em>), \u00e9galement connu sous le nom d\u2019acajou d\u2019Afrique ou d\u2019acajou du S\u00e9n\u00e9gal, est originaire d\u2019Afrique de l\u2019Ouest et bien adapt\u00e9 au climat local. Cet arbre robuste r\u00e9siste bien aux p\u00e9riodes de s\u00e9cheresse et d\u00e9veloppe avec le temps une grande couronne dense, ce qui en fait un arbre particuli\u00e8rement appr\u00e9ci\u00e9 pour son ombre.<\/p>\n\n\n\n<figure class=\"wp-block-image size-full\"><img loading=\"lazy\" decoding=\"async\" width=\"1024\" height=\"768\" src=\"https:\/\/caas-mali.de\/wp-content\/uploads\/2026\/09\/Baumpflanzaktion_JungeBaeume.jpg\" alt=\"\" class=\"wp-image-7895\" srcset=\"https:\/\/caas-mali.de\/wp-content\/uploads\/2026\/09\/Baumpflanzaktion_JungeBaeume.jpg 1024w, https:\/\/caas-mali.de\/wp-content\/uploads\/2026\/09\/Baumpflanzaktion_JungeBaeume-300x225.jpg 300w, https:\/\/caas-mali.de\/wp-content\/uploads\/2026\/09\/Baumpflanzaktion_JungeBaeume-768x576.jpg 768w\" sizes=\"auto, (max-width: 1024px) 100vw, 1024px\" \/><\/figure>\n\n\n\n<p class=\"wp-block-paragraph\">Cette action r\u00e9unit plusieurs domaines d\u2019activit\u00e9 du CAAS : les arbres sont cultiv\u00e9s dans sa propre exploitation agricole, les apprenantes participent \u00e0 leur plantation et, \u00e0 long terme, ils contribueront \u00e0 rendre Kalassa plus vert et plus ombrag\u00e9.<\/p>\n","protected":false},"excerpt":{"rendered":"<p>Depuis plusieurs mois, de jeunes ca\u00eflc\u00e9drats (Khaya senegalensis) \u00e9taient cultiv\u00e9s sur le site de l\u2019exploitation agricole du CAAS. Le 12 ao\u00fbt, le moment \u00e9tait venu &#8230; <\/p>\n<p class=\"read-more-container\"><a title=\"Des arbres pour Kalassa\" class=\"read-more button\" href=\"https:\/\/caas-mali.de\/fr\/actualites\/2026\/08\/13\/des-arbres-pour-kalassa\/#more-7915\" aria-label=\"En savoir plus sur Des arbres pour Kalassa\">weiterlesen<\/a><\/p>\n","protected":false},"author":2,"featured_media":7900,"comment_status":"closed","ping_status":"closed","sticky":false,"template":"","format":"standard","meta":{"_acf_changed":false,"footnotes":""},"categories":[83],"tags":[89,88],"class_list":["post-7915","post","type-post","status-publish","format-standard","has-post-thumbnail","hentry","category-actualites","tag-developpement-du-village","tag-kalassa-fr","masonry-post","generate-columns","tablet-grid-50","mobile-grid-100","grid-parent","grid-33"],"acf":[],"_links":{"self":[{"href":"https:\/\/caas-mali.de\/fr\/wp-json\/wp\/v2\/posts\/7915","targetHints":{"allow":["GET"]}}],"collection":[{"href":"https:\/\/caas-mali.de\/fr\/wp-json\/wp\/v2\/posts"}],"about":[{"href":"https:\/\/caas-mali.de\/fr\/wp-json\/wp\/v2\/types\/post"}],"author":[{"embeddable":true,"href":"https:\/\/caas-mali.de\/fr\/wp-json\/wp\/v2\/users\/2"}],"replies":[{"embeddable":true,"href":"https:\/\/caas-mali.de\/fr\/wp-json\/wp\/v2\/comments?post=7915"}],"version-history":[{"count":2,"href":"https:\/\/caas-mali.de\/fr\/wp-json\/wp\/v2\/posts\/7915\/revisions"}],"predecessor-version":[{"id":7918,"href":"https:\/\/caas-mali.de\/fr\/wp-json\/wp\/v2\/posts\/7915\/revisions\/7918"}],"wp:featuredmedia":[{"embeddable":true,"href":"https:\/\/caas-mali.de\/fr\/wp-json\/wp\/v2\/media\/7900"}],"wp:attachment":[{"href":"https:\/\/caas-mali.de\/fr\/wp-json\/wp\/v2\/media?parent=7915"}],"wp:term":[{"taxonomy":"category","embeddable":true,"href":"https:\/\/caas-mali.de\/fr\/wp-json\/wp\/v2\/categories?post=7915"},{"taxonomy":"post_tag","embeddable":true,"href":"https:\/\/caas-mali.de\/fr\/wp-json\/wp\/v2\/tags?post=7915"}],"curies":[{"name":"wp","href":"https:\/\/api.w.org\/{rel}","templated":true}]}}